{"id":167,"date":"2017-04-28T14:49:58","date_gmt":"2017-04-28T12:49:58","guid":{"rendered":"http:\/\/www.xnoise.lt\/?p=167"},"modified":"2017-04-28T14:49:58","modified_gmt":"2017-04-28T12:49:58","slug":"tarptautine-triuksmo-supratimo-diena","status":"publish","type":"post","link":"http:\/\/xnoise.lt\/index.php\/2017\/04\/28\/tarptautine-triuksmo-supratimo-diena\/","title":{"rendered":"Tarptautin\u0117 triuk\u0161mo supratimo diena"},"content":{"rendered":"<p><strong>2017&nbsp;m. baland\u017eio 26&nbsp;d.<\/strong> pamin\u0117ta <strong>Tarptautin\u0117 triuk\u0161mo supratimo<\/strong> diena. Daugiau nei penkiasde\u0161imt \u0161ali\u0173 i\u0161 viso pasaulio j\u0105 mini paskutin\u012f baland\u017eio tre\u010diadien\u012f. \u0160iai dienai pamin\u0117ti Vilniaus Gedimino technikos universitete buvo surengta konferencija <a href=\"http:\/\/www.xnoise.lt\/index.php\/language\/lt\/nuo-triuksmo-popieriai-neapsaugo\/\">skaityti daugiau&#8230;<\/a><\/p>\n<p><strong><em>Tarptautinio renginio atstovas Lietuvoje<\/em><\/strong> \u2013 Lietuvos akustik\u0173 s\u0105junga (<a href=\"http:\/\/las-akustika.lt\" target=\"_blank\" rel=\"noopener noreferrer\">LAS<\/a>).<\/p>\n<p><strong><em>Renginio partneriai<\/em><\/strong> \u2013 Vilniaus Gedimino technikos universitetas ir <a href=\"https:\/\/www.paroc.lt\/\" target=\"_blank\" rel=\"noopener noreferrer\">UAB \u201eParoc\u201c<\/a>.<\/p>\n<p>Apie rengin\u012f informavo dienra\u0161tis &#8222;Respublika&#8221; [<a href=\"http:\/\/www.respublika.lt\/lt\/naujienos\/lietuva\/kitos_lietuvos_zinios\/nuo_triuksmo__popieriai__neapsaugo\/\" target=\"_blank\" rel=\"noopener noreferrer\">skaityti<\/a>].<\/p>\n<p>&nbsp;<\/p>\n<p>Daugiau informacijos apie Tarptautin\u0119 triuk\u0161mo supratimo dien\u0105 galima rasti \u010dia:<\/p>\n<ul>\n<li>&nbsp; oficialiame Europos akustik\u0173 asocijacijos (EAA) tinklapyje [<a href=\"http:\/\/euracoustics.org\/INAD2017\" target=\"_blank\" rel=\"noopener noreferrer\">skaityti<\/a>]<\/li>\n<li>&nbsp; oficialiame Lietuvos akustik\u0173 s\u0105jungos (LAS) tinklapyje [<a href=\"http:\/\/las-akustika.lt\/index.php\/inad-2017\/\" target=\"_blank\" rel=\"noopener noreferrer\">skaityti<\/a>]<\/li>\n<\/ul>\n<p>&nbsp;<\/p>\n<p>&nbsp;<\/p>\n","protected":false},"excerpt":{"rendered":"<p>2017&nbsp;m. baland\u017eio 26&nbsp;d. pamin\u0117ta Tarptautin\u0117 triuk\u0161mo supratimo diena. Daugiau nei penkiasde\u0161imt \u0161ali\u0173 i\u0161 viso pasaulio j\u0105 mini paskutin\u012f baland\u017eio tre\u010diadien\u012f. \u0160iai dienai pamin\u0117ti Vilniaus Gedimino technikos universitete buvo surengta konferencija&#8230;<br \/><a class=\"read-more-button\" href=\"http:\/\/xnoise.lt\/index.php\/2017\/04\/28\/tarptautine-triuksmo-supratimo-diena\/\">Read more<\/a><\/p>\n","protected":false},"author":1,"featured_media":0,"comment_status":"closed","ping_status":"closed","sticky":false,"template":"","format":"standard","meta":{"footnotes":""},"categories":[2],"tags":[14],"class_list":["post-167","post","type-post","status-publish","format-standard","hentry","category-be-kategorijos-lt","tag-inad-lt"],"_links":{"self":[{"href":"http:\/\/xnoise.lt\/index.php\/wp-json\/wp\/v2\/posts\/167","targetHints":{"allow":["GET"]}}],"collection":[{"href":"http:\/\/xnoise.lt\/index.php\/wp-json\/wp\/v2\/posts"}],"about":[{"href":"http:\/\/xnoise.lt\/index.php\/wp-json\/wp\/v2\/types\/post"}],"author":[{"embeddable":true,"href":"http:\/\/xnoise.lt\/index.php\/wp-json\/wp\/v2\/users\/1"}],"replies":[{"embeddable":true,"href":"http:\/\/xnoise.lt\/index.php\/wp-json\/wp\/v2\/comments?post=167"}],"version-history":[{"count":0,"href":"http:\/\/xnoise.lt\/index.php\/wp-json\/wp\/v2\/posts\/167\/revisions"}],"wp:attachment":[{"href":"http:\/\/xnoise.lt\/index.php\/wp-json\/wp\/v2\/media?parent=167"}],"wp:term":[{"taxonomy":"category","embeddable":true,"href":"http:\/\/xnoise.lt\/index.php\/wp-json\/wp\/v2\/categories?post=167"},{"taxonomy":"post_tag","embeddable":true,"href":"http:\/\/xnoise.lt\/index.php\/wp-json\/wp\/v2\/tags?post=167"}],"curies":[{"name":"wp","href":"https:\/\/api.w.org\/{rel}","templated":true}]}}