{"id":1401,"date":"2020-08-04T13:46:57","date_gmt":"2020-08-04T11:46:57","guid":{"rendered":"http:\/\/www.xnoise.lt\/?p=1401"},"modified":"2022-03-03T17:02:35","modified_gmt":"2022-03-03T15:02:35","slug":"kongresas-forum-acusticum-2020-fa2020-lionas-prancuzija","status":"publish","type":"post","link":"http:\/\/xnoise.lt\/index.php\/2020\/08\/04\/kongresas-forum-acusticum-2020-fa2020-lionas-prancuzija\/","title":{"rendered":"9-asis kongresas &#8222;Forum Acusticum 2020 (FA2020)&#8221;. Lionas, Pranc\u016bzija"},"content":{"rendered":"\n<p class=\"has-luminous-vivid-amber-background-color has-background\">Nauja kongreso &#8222;Forum Acusticum&#8221; data:  <strong><em>2020 m. gruod\u017eio 7\u201311 d.<\/em><\/strong> <\/p>\n\n\n\n<p><a rel=\"noreferrer noopener\" aria-label=\"Europos akustik\u0173 asociacija (opens in a new tab)\" href=\"https:\/\/euracoustics.org\/\" target=\"_blank\">Europos akustik\u0173 asociacija<\/a> ir <a rel=\"noreferrer noopener\" aria-label=\"Pranc\u016bzijos akustik\u0173 draugija (opens in a new tab)\" href=\"https:\/\/sfa.asso.fr\/fr\/accueil\" target=\"_blank\">Pranc\u016bzijos akustik\u0173 draugija<\/a> kvie\u010dia jus dalyvauti <strong>9\u2011ajame \u201eForum Acusticum\u201c<\/strong> kongrese, kuris vyks <strong><em>2020 m. <s>baland\u017eio 20\u201324 d.d.<\/s><\/em><\/strong> Lione, Pranc\u016bzijoje.<\/p>\n\n\n\n<p>Kongrese bus nagrin\u0117jamos visos akustikos temos, pradedant fizine akustika ir baigiant garso suvokimu (\u017emoni\u0173 ir gyv\u016bn\u0173), \u012fskaitant pramonin\u012f akustikos pritaikym\u0105.<br>Bus suorganizuota daugiau nei 100 strukt\u016brini\u0173 sesij\u0173 skirtingomis temomis.<\/p>\n\n\n\n<p>Daugiau skaitykite [<a href=\"https:\/\/fa2020.universite-lyon.fr\/\" target=\"_blank\" rel=\"noreferrer noopener\">\u010dia<\/a>].<\/p>\n","protected":false},"excerpt":{"rendered":"<p>Nauja kongreso &#8222;Forum Acusticum&#8221; data: 2020 m. gruod\u017eio 7\u201311 d. Europos akustik\u0173 asociacija ir Pranc\u016bzijos akustik\u0173 draugija kvie\u010dia jus dalyvauti 9\u2011ajame \u201eForum Acusticum\u201c kongrese, kuris vyks 2020 m. baland\u017eio 20\u201324&#8230;<br \/><a class=\"read-more-button\" href=\"http:\/\/xnoise.lt\/index.php\/2020\/08\/04\/kongresas-forum-acusticum-2020-fa2020-lionas-prancuzija\/\">Read more<\/a><\/p>\n","protected":false},"author":1,"featured_media":1306,"comment_status":"closed","ping_status":"closed","sticky":false,"template":"","format":"standard","meta":{"footnotes":""},"categories":[5],"tags":[8,17],"class_list":["post-1401","post","type-post","status-publish","format-standard","has-post-thumbnail","hentry","category-naujiena-lt","tag-akustika-lt","tag-kongresas-lt"],"_links":{"self":[{"href":"http:\/\/xnoise.lt\/index.php\/wp-json\/wp\/v2\/posts\/1401","targetHints":{"allow":["GET"]}}],"collection":[{"href":"http:\/\/xnoise.lt\/index.php\/wp-json\/wp\/v2\/posts"}],"about":[{"href":"http:\/\/xnoise.lt\/index.php\/wp-json\/wp\/v2\/types\/post"}],"author":[{"embeddable":true,"href":"http:\/\/xnoise.lt\/index.php\/wp-json\/wp\/v2\/users\/1"}],"replies":[{"embeddable":true,"href":"http:\/\/xnoise.lt\/index.php\/wp-json\/wp\/v2\/comments?post=1401"}],"version-history":[{"count":3,"href":"http:\/\/xnoise.lt\/index.php\/wp-json\/wp\/v2\/posts\/1401\/revisions"}],"predecessor-version":[{"id":2058,"href":"http:\/\/xnoise.lt\/index.php\/wp-json\/wp\/v2\/posts\/1401\/revisions\/2058"}],"wp:featuredmedia":[{"embeddable":true,"href":"http:\/\/xnoise.lt\/index.php\/wp-json\/"}],"wp:attachment":[{"href":"http:\/\/xnoise.lt\/index.php\/wp-json\/wp\/v2\/media?parent=1401"}],"wp:term":[{"taxonomy":"category","embeddable":true,"href":"http:\/\/xnoise.lt\/index.php\/wp-json\/wp\/v2\/categories?post=1401"},{"taxonomy":"post_tag","embeddable":true,"href":"http:\/\/xnoise.lt\/index.php\/wp-json\/wp\/v2\/tags?post=1401"}],"curies":[{"name":"wp","href":"https:\/\/api.w.org\/{rel}","templated":true}]}}